{"id":3540,"date":"2024-01-30T13:41:54","date_gmt":"2024-01-30T12:41:54","guid":{"rendered":"https:\/\/aprescue.sk\/?p=3540"},"modified":"2024-02-13T13:43:23","modified_gmt":"2024-02-13T12:43:23","slug":"svetovypohar_jasna","status":"publish","type":"post","link":"https:\/\/aprescue.sk\/en\/svetovypohar_jasna\/","title":{"rendered":"Svetov\u00fd poh\u00e1r v Alpskom ly\u017eovan\u00ed v Jasnej"},"content":{"rendered":"<h6><strong>Cez v\u00edkend 20. &#8211; 21. janu\u00e1ra 2024 sa v stredisku Jasn\u00e1 konal Svetov\u00fd poh\u00e1r v Alpskom ly\u017eovan\u00ed \u017eien. Podujatie bolo zo zdravotn\u00e9ho h\u013eadiska zabezpe\u010den\u00e9 z\u00fa\u010dastnen\u00fdmi z\u00e1chrann\u00fdmi zlo\u017ekami integrovan\u00e9ho z\u00e1chrann\u00e9ho syst\u00e9mu, vr\u00e1tane Horskej z\u00e1chrannej slu\u017eby, Vrtu\u013en\u00edkovej z\u00e1chrannej zdravotnej slu\u017eby a zdravotn\u00edkmi zo spolo\u010dnosti AP Rescue. Zdravotn\u00e9 zabezpe\u010denie bolo pripraven\u00e9 na z\u00e1klade predp\u00edsan\u00fdch postupov FIS.<\/strong><\/h6>\n<p>Spolu \u0161es\u0165 pos\u00e1dok AP Rescue za cel\u00fd v\u00edkend o\u0161etrilo 30 pacientov s r\u00f4znymi poraneniami a zdravotn\u00fdmi komplik\u00e1ciami. Medzi o\u0161etreniami dominovali kolapsy, nevo\u013enos\u0165 a \u00farazy sp\u00f4soben\u00e9 p\u00e1dom.<\/p>\n<p><em>\u201eToto podujatie bolo n\u00e1ro\u010dn\u00e9 z\u00a0h\u013eadiska podmienok a\u00a0potreby prepojenia jednotliv\u00fdch zlo\u017eiek z\u00e1chrann\u00e9ho syst\u00e9mu. Z\u00a0n\u00e1\u0161ho poh\u013eadu pr\u00edtomn\u00ed \u00fa\u010dastn\u00edci podcenili v\u00fdrazne chladn\u00e9 po\u010dasie, po\u010das prv\u00e9ho d\u0148a klesla pocitov\u00e1 teplota na -13 stup\u0148ov cez de\u0148, pri\u010dom div\u00e1ci prich\u00e1dzali na podujatie u\u017e v\u00a0skor\u00fdch rann\u00fdch hodin\u00e1ch. Je potrebn\u00e9 d\u00f4kladne sa na tak\u00e9to podmienky pripravi\u0165, vzia\u0165 si so sebou hor\u00faci \u010daj, okrem tepl\u00e9ho oble\u010denia aj dostato\u010dn\u00fa pokr\u00fdvku hlavy, d\u00fdchac\u00edch ciest, rukavice a\u00a0najm\u00e4 tepl\u00fa obuv. V\u00a0t\u00fdchto teplotn\u00fdch podmienkach s\u00fa obzvl\u00e1\u0161\u0165 rizikov\u00e9 deti a\u00a0mnoh\u00ed rodi\u010dia podcenili t\u00fato skuto\u010dnos\u0165.\u201c<\/em> Povedal zdravotn\u00edcky koordin\u00e1tor Ing. Peter Lakom\u00fd.<\/p>\n<p><u>Podrobn\u00fd preh\u013ead o\u0161etren\u00ed:<\/u><\/p>\n<p><strong>30x o\u0161etrenie pacientov, z toho 6 ly\u017eiarov (5 \u017eien a 1 mu\u017e) a 24 div\u00e1kov<\/strong><\/p>\n<p>Kolapsov\u00fd stav\/nevo\u013enos\u0165 \u2013 10x (z toho 4x malolet\u00e9 osoby)<\/p>\n<p>\u00darazy (spolu s ly\u017eiarmi) \u2013 12x<\/p>\n<p>Bolesti na hrudn\u00edku \u2013 2x<\/p>\n<p>Hypertenzia \u2013 2x<\/p>\n<p>Boles\u0165 chrbta \u2013 2x<\/p>\n<p>Tr\u00e1viace \u0165a\u017ekosti \u2013 1x<\/p>\n<p>Komplik\u00e1cie spojen\u00e9 s po\u017eit\u00edm alkoholu \u2013 1x<\/p>\n<p><strong>Viac inform\u00e1ci\u00ed z podujatia n\u00e1jdete <a href=\"https:\/\/www.teraz.sk\/regiony\/zachranari-osetrili-pocas-svetoveho\/768957-clanok.html\" target=\"_blank\" rel=\"noopener\">HERE<\/a><\/strong><\/p>\n<p><strong>Source:<\/strong> Ing. Peter Lakom\u00fd<\/p>","protected":false},"excerpt":{"rendered":"<p>Futbal m\u00e1 na Slovensku dlh\u00fa trad\u00edciu a \u0161portov\u00ed nad\u0161enci mi iste daj\u00fa za pravdu ke\u010f poviem, \u017ee je to najpopul\u00e1rnej\u0161\u00ed \u0161port v na\u0161ej krajine. Ka\u017ed\u00fd klub ma siln\u00fa fan\u00fa\u0161ikovsk\u00fa z\u00e1klad\u0148u, bez ktorej by \u017eiadny z\u00e1pas nebol t\u00fdm, \u010d\u00edm je.<\/p>","protected":false},"author":1,"featured_media":3541,"comment_status":"closed","ping_status":"open","sticky":false,"template":"","format":"standard","meta":{"_monsterinsights_skip_tracking":false,"_monsterinsights_sitenote_active":false,"_monsterinsights_sitenote_note":"","_monsterinsights_sitenote_category":0,"footnotes":""},"categories":[6],"tags":[61,62,60,38],"class_list":["post-3540","post","type-post","status-publish","format-standard","has-post-thumbnail","hentry","category-novinky","tag-alpske-lyzovanie","tag-jasna","tag-svetovy-pohar","tag-zdravotna-sluzba"],"_links":{"self":[{"href":"https:\/\/aprescue.sk\/en\/wp-json\/wp\/v2\/posts\/3540","targetHints":{"allow":["GET"]}}],"collection":[{"href":"https:\/\/aprescue.sk\/en\/wp-json\/wp\/v2\/posts"}],"about":[{"href":"https:\/\/aprescue.sk\/en\/wp-json\/wp\/v2\/types\/post"}],"author":[{"embeddable":true,"href":"https:\/\/aprescue.sk\/en\/wp-json\/wp\/v2\/users\/1"}],"replies":[{"embeddable":true,"href":"https:\/\/aprescue.sk\/en\/wp-json\/wp\/v2\/comments?post=3540"}],"version-history":[{"count":3,"href":"https:\/\/aprescue.sk\/en\/wp-json\/wp\/v2\/posts\/3540\/revisions"}],"predecessor-version":[{"id":3544,"href":"https:\/\/aprescue.sk\/en\/wp-json\/wp\/v2\/posts\/3540\/revisions\/3544"}],"wp:featuredmedia":[{"embeddable":true,"href":"https:\/\/aprescue.sk\/en\/wp-json\/wp\/v2\/media\/3541"}],"wp:attachment":[{"href":"https:\/\/aprescue.sk\/en\/wp-json\/wp\/v2\/media?parent=3540"}],"wp:term":[{"taxonomy":"category","embeddable":true,"href":"https:\/\/aprescue.sk\/en\/wp-json\/wp\/v2\/categories?post=3540"},{"taxonomy":"post_tag","embeddable":true,"href":"https:\/\/aprescue.sk\/en\/wp-json\/wp\/v2\/tags?post=3540"}],"curies":[{"name":"wp","href":"https:\/\/api.w.org\/{rel}","templated":true}]}}